{"id":3926,"date":"2025-03-08T16:00:24","date_gmt":"2025-03-08T15:00:24","guid":{"rendered":"https:\/\/www.ambiente-spa.eu\/?p=3926"},"modified":"2025-04-04T16:51:17","modified_gmt":"2025-04-04T14:51:17","slug":"ambiente-s-p-a-ha-avuto-il-piacere-di-ospitare-gli-studenti-dellistituto-antonio-de-curtis-di-aversa","status":"publish","type":"post","link":"https:\/\/www.ambiente-spa.eu\/eng\/ambiente-s-p-a-ha-avuto-il-piacere-di-ospitare-gli-studenti-dellistituto-antonio-de-curtis-di-aversa\/","title":{"rendered":"Ambiente S.p.A. ha avuto il piacere di ospitare gli studenti dell&#8217;Istituto Antonio de Curtis di Aversa"},"content":{"rendered":"<div class=\"wpb-content-wrapper\"><section class=\"vc_row wpb_row vc_row-fluid vc-zozo-section typo-default\"><div class=\"zozo-vc-main-row-inner vc-normal-section\"><div class=\"wpb_column vc_main_column vc_column_container vc_col-sm-12 typo-default\"><div class=\"vc_column-inner \"><div class=\"wpb_wrapper\">\n\t<div class=\"wpb_text_column wpb_content_element\" >\n\t\t<div class=\"wpb_wrapper\">\n\t\t\t<p>Il 5, 6 e 7 marzo, presso il nostro stabilimento di Ambiente, abbiamo avuto il piacere di ospitare gli studenti dell&#8217;Istituto Antonio de Curtis di Aversa, in provincia di Caserta, per un&#8217;importante giornata di sensibilizzazione sull&#8217;impegno verso la sostenibilit\u00e0 e l&#8217;innovazione.<\/p>\n<p>Durante la prima parte dell&#8217;incontro, i ragazzi hanno avuto l&#8217;opportunit\u00e0 di visitare l\u2019impianto di selezione dei rifiuti di Ambiente S.p.A., dove hanno potuto osservare da vicino l&#8217;intero processo di cernita dei materiali. Questa esperienza si \u00e8 concretizzata con la dimostrazione diretta delle varie fasi di lavorazione, fino al prodotto finito destinato al recupero.<\/p>\n<p>La dottoressa Trotta, che ha guidato i ragazzi in questa visita formativa, ha raccontato con entusiasmo le pratiche sostenibili adottate dall\u2019azienda, rispondendo alle domande degli studenti e stimolando curiosit\u00e0 e riflessioni. I ragazzi sono rimasti entusiasti, imparando nuove nozioni sulla sostenibilit\u00e0 e sull&#8217;importanza del riciclo e del recupero dei materiali. Un&#8217;esperienza che sicuramente lascer\u00e0 un segno positivo nel loro percorso di formazione.<\/p>\n\n\t\t<\/div>\n\t<\/div>\n<\/div><\/div><\/div><\/div><\/section>\t\r\n\r\n\r\n\t<section class=\"vc_row wpb_row vc_row-fluid vc_row-o-content-middle vc_row-flex vc-zozo-section typo-default\"><div class=\"zozo-vc-main-row-inner vc-normal-section\"><div class=\"wpb_column vc_main_column vc_column_container vc_col-sm-12 typo-default\"><div class=\"vc_column-inner \"><div class=\"wpb_wrapper\">\n\t<div class=\"wpb_text_column wpb_content_element\" >\n\t\t<div class=\"wpb_wrapper\">\n\t\t\t<h3>Gallery<\/h3>\n\n\t\t<\/div>\n\t<\/div>\n<div class=\"vc_separator wpb_content_element vc_separator_align_center vc_sep_width_100 vc_sep_border_width_2 vc_sep_pos_align_center vc_separator_no_text vc_sep_color_grey wpb_content_element  wpb_content_element\" ><span class=\"vc_sep_holder vc_sep_holder_l\"><span class=\"vc_sep_line\"><\/span><\/span><span class=\"vc_sep_holder vc_sep_holder_r\"><span class=\"vc_sep_line\"><\/span><\/span>\n<\/div><div class=\"vc_row wpb_row vc_inner vc_row-fluid\"><div class=\"zozo-vc-row-inner vc-inner-row-section clearfix\"><div class=\"wpb_column vc_column_inner vc_column_container vc_col-sm-12 typo-default\"><div class=\"vc_column-inner \"><div class=\"wpb_wrapper\"><div class=\"wpb_gallery wpb_content_element vc_clearfix wpb_content_element\" ><div class=\"wpb_wrapper\"><div class=\"wpb_gallery_slides wpb_flexslider flexslider_fade flexslider\" data-interval=\"3\" data-flex_fx=\"fade\"><ul class=\"slides\"><li><a class=\"\" href=\"https:\/\/www.ambiente-spa.eu\/wp-content\/uploads\/2025\/03\/20250306_112204-600x600.jpg\" data-lightbox=\"lightbox[rel-3926-2111959448]\"><img decoding=\"async\" width=\"1200\" height=\"1000\" src=\"https:\/\/www.ambiente-spa.eu\/wp-content\/uploads\/2025\/03\/20250306_112204.jpg\" class=\"attachment-full\" alt=\"\" title=\"20250306_112204\" srcset=\"https:\/\/www.ambiente-spa.eu\/wp-content\/uploads\/2025\/03\/20250306_112204.jpg 1200w, https:\/\/www.ambiente-spa.eu\/wp-content\/uploads\/2025\/03\/20250306_112204-300x250.jpg 300w, https:\/\/www.ambiente-spa.eu\/wp-content\/uploads\/2025\/03\/20250306_112204-768x640.jpg 768w, https:\/\/www.ambiente-spa.eu\/wp-content\/uploads\/2025\/03\/20250306_112204-14x12.jpg 14w\" sizes=\"(max-width: 1200px) 100vw, 1200px\" \/><\/a><\/li><li><a class=\"\" href=\"https:\/\/www.ambiente-spa.eu\/wp-content\/uploads\/2025\/03\/IMG_7030-600x600.jpg\" data-lightbox=\"lightbox[rel-3926-2111959448]\"><img decoding=\"async\" width=\"1200\" height=\"900\" src=\"https:\/\/www.ambiente-spa.eu\/wp-content\/uploads\/2025\/03\/IMG_7030.jpg\" class=\"attachment-full\" alt=\"\" title=\"IMG_7030\" srcset=\"https:\/\/www.ambiente-spa.eu\/wp-content\/uploads\/2025\/03\/IMG_7030.jpg 1200w, https:\/\/www.ambiente-spa.eu\/wp-content\/uploads\/2025\/03\/IMG_7030-300x225.jpg 300w, https:\/\/www.ambiente-spa.eu\/wp-content\/uploads\/2025\/03\/IMG_7030-768x576.jpg 768w, https:\/\/www.ambiente-spa.eu\/wp-content\/uploads\/2025\/03\/IMG_7030-16x12.jpg 16w\" sizes=\"(max-width: 1200px) 100vw, 1200px\" \/><\/a><\/li><li><a class=\"\" href=\"https:\/\/www.ambiente-spa.eu\/wp-content\/uploads\/2025\/03\/IMG_7032-600x600.jpg\" data-lightbox=\"lightbox[rel-3926-2111959448]\"><img decoding=\"async\" width=\"1200\" height=\"900\" src=\"https:\/\/www.ambiente-spa.eu\/wp-content\/uploads\/2025\/03\/IMG_7032.jpg\" class=\"attachment-full\" alt=\"\" title=\"IMG_7032\" srcset=\"https:\/\/www.ambiente-spa.eu\/wp-content\/uploads\/2025\/03\/IMG_7032.jpg 1200w, https:\/\/www.ambiente-spa.eu\/wp-content\/uploads\/2025\/03\/IMG_7032-300x225.jpg 300w, https:\/\/www.ambiente-spa.eu\/wp-content\/uploads\/2025\/03\/IMG_7032-768x576.jpg 768w, https:\/\/www.ambiente-spa.eu\/wp-content\/uploads\/2025\/03\/IMG_7032-16x12.jpg 16w\" sizes=\"(max-width: 1200px) 100vw, 1200px\" \/><\/a><\/li><li><a class=\"\" href=\"https:\/\/www.ambiente-spa.eu\/wp-content\/uploads\/2025\/03\/IMG_7036-600x600.jpg\" data-lightbox=\"lightbox[rel-3926-2111959448]\"><img decoding=\"async\" width=\"1200\" height=\"900\" src=\"https:\/\/www.ambiente-spa.eu\/wp-content\/uploads\/2025\/03\/IMG_7036.jpg\" class=\"attachment-full\" alt=\"\" title=\"IMG_7036\" srcset=\"https:\/\/www.ambiente-spa.eu\/wp-content\/uploads\/2025\/03\/IMG_7036.jpg 1200w, https:\/\/www.ambiente-spa.eu\/wp-content\/uploads\/2025\/03\/IMG_7036-300x225.jpg 300w, https:\/\/www.ambiente-spa.eu\/wp-content\/uploads\/2025\/03\/IMG_7036-768x576.jpg 768w, https:\/\/www.ambiente-spa.eu\/wp-content\/uploads\/2025\/03\/IMG_7036-16x12.jpg 16w\" sizes=\"(max-width: 1200px) 100vw, 1200px\" \/><\/a><\/li><\/ul><\/div><\/div><\/div><\/div><\/div><\/div><\/div><\/div><\/div><\/div><\/div><\/div><\/section>\n<\/div>","protected":false},"excerpt":{"rendered":"Il 5, 6 e 7 marzo, presso il nostro stabilimento di Ambiente, abbiamo avuto il piacere di ospitare gli studenti dell'Istituto Antonio de Curtis di Aversa, in provincia di Caserta, per un'importante giornata di sensibilizzazione sull'impegno verso la sostenibilit\u00e0 e l'innovazione. Durante la prima parte dell'incontro, i ragazzi hanno avuto l'opportunit\u00e0 di visitare l\u2019impianto di selezione dei rifiuti di Ambiente...","protected":false},"author":1,"featured_media":3928,"comment_status":"closed","ping_status":"closed","sticky":false,"template":"","format":"standard","meta":{"_exactmetrics_skip_tracking":false,"_exactmetrics_sitenote_active":false,"_exactmetrics_sitenote_note":"","_exactmetrics_sitenote_category":0,"footnotes":""},"categories":[3],"tags":[],"class_list":["post-3926","post","type-post","status-publish","format-standard","has-post-thumbnail","hentry","category-blog"],"yoast_head":"<!-- This site is optimized with the Yoast SEO plugin v27.4 - https:\/\/yoast.com\/product\/yoast-seo-wordpress\/ -->\n<title>Ambiente S.p.A. ha avuto il piacere di ospitare gli studenti dell&#039;Istituto Antonio de Curtis di Aversa - Ambiente S.p.A.<\/title>\n<meta name=\"description\" content=\"Il 5, 6 e 7 marzo, presso il nostro stabilimento di Ambiente, abbiamo avuto il piacere di ospitare gli studenti dell&#039;Istituto Antonio de Curtis di Aversa, in provincia di Caserta, per un&#039;importante giornata di sensibilizzazione sull&#039;impegno verso la sostenibilit\u00e0 e l&#039;innovazione.\" \/>\n<meta name=\"robots\" content=\"index, follow, max-snippet:-1, max-image-preview:large, max-video-preview:-1\" \/>\n<link rel=\"canonical\" href=\"https:\/\/www.ambiente-spa.eu\/eng\/ambiente-s-p-a-ha-avuto-il-piacere-di-ospitare-gli-studenti-dellistituto-antonio-de-curtis-di-aversa\/\" \/>\n<meta property=\"og:locale\" content=\"en_GB\" \/>\n<meta property=\"og:type\" content=\"article\" \/>\n<meta property=\"og:title\" content=\"Ambiente S.p.A. ha avuto il piacere di ospitare gli studenti dell&#039;Istituto Antonio de Curtis di Aversa - Ambiente S.p.A.\" \/>\n<meta property=\"og:description\" content=\"Il 5, 6 e 7 marzo, presso il nostro stabilimento di Ambiente, abbiamo avuto il piacere di ospitare gli studenti dell&#039;Istituto Antonio de Curtis di Aversa, in provincia di Caserta, per un&#039;importante giornata di sensibilizzazione sull&#039;impegno verso la sostenibilit\u00e0 e l&#039;innovazione.\" \/>\n<meta property=\"og:url\" content=\"https:\/\/www.ambiente-spa.eu\/eng\/ambiente-s-p-a-ha-avuto-il-piacere-di-ospitare-gli-studenti-dellistituto-antonio-de-curtis-di-aversa\/\" \/>\n<meta property=\"og:site_name\" content=\"Ambiente S.p.A.\" \/>\n<meta property=\"article:published_time\" content=\"2025-03-08T15:00:24+00:00\" \/>\n<meta property=\"article:modified_time\" content=\"2025-04-04T14:51:17+00:00\" \/>\n<meta property=\"og:image\" content=\"http:\/\/www.ambiente-spa.eu\/wp-content\/uploads\/2025\/03\/img-blog-20250308.jpg\" \/>\n\t<meta property=\"og:image:width\" content=\"1170\" \/>\n\t<meta property=\"og:image:height\" content=\"500\" \/>\n\t<meta property=\"og:image:type\" content=\"image\/jpeg\" \/>\n<meta name=\"author\" content=\"sema_admin\" \/>\n<meta name=\"twitter:card\" content=\"summary_large_image\" \/>\n<meta name=\"twitter:label1\" content=\"Written by\" \/>\n\t<meta name=\"twitter:data1\" content=\"sema_admin\" \/>\n\t<meta name=\"twitter:label2\" content=\"Estimated reading time\" \/>\n\t<meta name=\"twitter:data2\" content=\"2 minutes\" \/>\n<script type=\"application\/ld+json\" class=\"yoast-schema-graph\">{\"@context\":\"https:\\\/\\\/schema.org\",\"@graph\":[{\"@type\":\"Article\",\"@id\":\"https:\\\/\\\/www.ambiente-spa.eu\\\/ambiente-s-p-a-ha-avuto-il-piacere-di-ospitare-gli-studenti-dellistituto-antonio-de-curtis-di-aversa\\\/#article\",\"isPartOf\":{\"@id\":\"https:\\\/\\\/www.ambiente-spa.eu\\\/ambiente-s-p-a-ha-avuto-il-piacere-di-ospitare-gli-studenti-dellistituto-antonio-de-curtis-di-aversa\\\/\"},\"author\":{\"name\":\"sema_admin\",\"@id\":\"https:\\\/\\\/www.ambiente-spa.eu\\\/#\\\/schema\\\/person\\\/5cd062e68a88b497afdb2ed3ff100419\"},\"headline\":\"Ambiente S.p.A. ha avuto il piacere di ospitare gli studenti dell&#8217;Istituto Antonio de Curtis di Aversa\",\"datePublished\":\"2025-03-08T15:00:24+00:00\",\"dateModified\":\"2025-04-04T14:51:17+00:00\",\"mainEntityOfPage\":{\"@id\":\"https:\\\/\\\/www.ambiente-spa.eu\\\/ambiente-s-p-a-ha-avuto-il-piacere-di-ospitare-gli-studenti-dellistituto-antonio-de-curtis-di-aversa\\\/\"},\"wordCount\":473,\"image\":{\"@id\":\"https:\\\/\\\/www.ambiente-spa.eu\\\/ambiente-s-p-a-ha-avuto-il-piacere-di-ospitare-gli-studenti-dellistituto-antonio-de-curtis-di-aversa\\\/#primaryimage\"},\"thumbnailUrl\":\"https:\\\/\\\/www.ambiente-spa.eu\\\/wp-content\\\/uploads\\\/2025\\\/03\\\/img-blog-20250308.jpg\",\"articleSection\":[\"Blog\"],\"inLanguage\":\"en-GB\"},{\"@type\":\"WebPage\",\"@id\":\"https:\\\/\\\/www.ambiente-spa.eu\\\/ambiente-s-p-a-ha-avuto-il-piacere-di-ospitare-gli-studenti-dellistituto-antonio-de-curtis-di-aversa\\\/\",\"url\":\"https:\\\/\\\/www.ambiente-spa.eu\\\/ambiente-s-p-a-ha-avuto-il-piacere-di-ospitare-gli-studenti-dellistituto-antonio-de-curtis-di-aversa\\\/\",\"name\":\"Ambiente S.p.A. ha avuto il piacere di ospitare gli studenti dell'Istituto Antonio de Curtis di Aversa - Ambiente S.p.A.\",\"isPartOf\":{\"@id\":\"https:\\\/\\\/www.ambiente-spa.eu\\\/#website\"},\"primaryImageOfPage\":{\"@id\":\"https:\\\/\\\/www.ambiente-spa.eu\\\/ambiente-s-p-a-ha-avuto-il-piacere-di-ospitare-gli-studenti-dellistituto-antonio-de-curtis-di-aversa\\\/#primaryimage\"},\"image\":{\"@id\":\"https:\\\/\\\/www.ambiente-spa.eu\\\/ambiente-s-p-a-ha-avuto-il-piacere-di-ospitare-gli-studenti-dellistituto-antonio-de-curtis-di-aversa\\\/#primaryimage\"},\"thumbnailUrl\":\"https:\\\/\\\/www.ambiente-spa.eu\\\/wp-content\\\/uploads\\\/2025\\\/03\\\/img-blog-20250308.jpg\",\"datePublished\":\"2025-03-08T15:00:24+00:00\",\"dateModified\":\"2025-04-04T14:51:17+00:00\",\"author\":{\"@id\":\"https:\\\/\\\/www.ambiente-spa.eu\\\/#\\\/schema\\\/person\\\/5cd062e68a88b497afdb2ed3ff100419\"},\"description\":\"Il 5, 6 e 7 marzo, presso il nostro stabilimento di Ambiente, abbiamo avuto il piacere di ospitare gli studenti dell'Istituto Antonio de Curtis di Aversa, in provincia di Caserta, per un'importante giornata di sensibilizzazione sull'impegno verso la sostenibilit\u00e0 e l'innovazione.\",\"breadcrumb\":{\"@id\":\"https:\\\/\\\/www.ambiente-spa.eu\\\/ambiente-s-p-a-ha-avuto-il-piacere-di-ospitare-gli-studenti-dellistituto-antonio-de-curtis-di-aversa\\\/#breadcrumb\"},\"inLanguage\":\"en-GB\",\"potentialAction\":[{\"@type\":\"ReadAction\",\"target\":[\"https:\\\/\\\/www.ambiente-spa.eu\\\/ambiente-s-p-a-ha-avuto-il-piacere-di-ospitare-gli-studenti-dellistituto-antonio-de-curtis-di-aversa\\\/\"]}]},{\"@type\":\"ImageObject\",\"inLanguage\":\"en-GB\",\"@id\":\"https:\\\/\\\/www.ambiente-spa.eu\\\/ambiente-s-p-a-ha-avuto-il-piacere-di-ospitare-gli-studenti-dellistituto-antonio-de-curtis-di-aversa\\\/#primaryimage\",\"url\":\"https:\\\/\\\/www.ambiente-spa.eu\\\/wp-content\\\/uploads\\\/2025\\\/03\\\/img-blog-20250308.jpg\",\"contentUrl\":\"https:\\\/\\\/www.ambiente-spa.eu\\\/wp-content\\\/uploads\\\/2025\\\/03\\\/img-blog-20250308.jpg\",\"width\":1170,\"height\":500},{\"@type\":\"BreadcrumbList\",\"@id\":\"https:\\\/\\\/www.ambiente-spa.eu\\\/ambiente-s-p-a-ha-avuto-il-piacere-di-ospitare-gli-studenti-dellistituto-antonio-de-curtis-di-aversa\\\/#breadcrumb\",\"itemListElement\":[{\"@type\":\"ListItem\",\"position\":1,\"name\":\"Home\",\"item\":\"https:\\\/\\\/www.ambiente-spa.eu\\\/\"},{\"@type\":\"ListItem\",\"position\":2,\"name\":\"Ambiente S.p.A. ha avuto il piacere di ospitare gli studenti dell&#8217;Istituto Antonio de Curtis di Aversa\"}]},{\"@type\":\"WebSite\",\"@id\":\"https:\\\/\\\/www.ambiente-spa.eu\\\/#website\",\"url\":\"https:\\\/\\\/www.ambiente-spa.eu\\\/\",\"name\":\"Ambiente S.p.A.\",\"description\":\"In armonia con la natura\",\"potentialAction\":[{\"@type\":\"SearchAction\",\"target\":{\"@type\":\"EntryPoint\",\"urlTemplate\":\"https:\\\/\\\/www.ambiente-spa.eu\\\/?s={search_term_string}\"},\"query-input\":{\"@type\":\"PropertyValueSpecification\",\"valueRequired\":true,\"valueName\":\"search_term_string\"}}],\"inLanguage\":\"en-GB\"},{\"@type\":\"Person\",\"@id\":\"https:\\\/\\\/www.ambiente-spa.eu\\\/#\\\/schema\\\/person\\\/5cd062e68a88b497afdb2ed3ff100419\",\"name\":\"sema_admin\",\"image\":{\"@type\":\"ImageObject\",\"inLanguage\":\"en-GB\",\"@id\":\"https:\\\/\\\/secure.gravatar.com\\\/avatar\\\/6004014b0790ccc79a71a2d2e7a14d558288512c4265b787ee59694eb3595470?s=96&d=mm&r=g\",\"url\":\"https:\\\/\\\/secure.gravatar.com\\\/avatar\\\/6004014b0790ccc79a71a2d2e7a14d558288512c4265b787ee59694eb3595470?s=96&d=mm&r=g\",\"contentUrl\":\"https:\\\/\\\/secure.gravatar.com\\\/avatar\\\/6004014b0790ccc79a71a2d2e7a14d558288512c4265b787ee59694eb3595470?s=96&d=mm&r=g\",\"caption\":\"sema_admin\"},\"sameAs\":[\"http:\\\/\\\/www.ambiente-spa.eu\"],\"url\":\"https:\\\/\\\/www.ambiente-spa.eu\\\/eng\\\/author\\\/sema_admin\\\/\"}]}<\/script>\n<!-- \/ Yoast SEO plugin. -->","yoast_head_json":{"title":"Ambiente S.p.A. ha avuto il piacere di ospitare gli studenti dell'Istituto Antonio de Curtis di Aversa - Ambiente S.p.A.","description":"Il 5, 6 e 7 marzo, presso il nostro stabilimento di Ambiente, abbiamo avuto il piacere di ospitare gli studenti dell'Istituto Antonio de Curtis di Aversa, in provincia di Caserta, per un'importante giornata di sensibilizzazione sull'impegno verso la sostenibilit\u00e0 e l'innovazione.","robots":{"index":"index","follow":"follow","max-snippet":"max-snippet:-1","max-image-preview":"max-image-preview:large","max-video-preview":"max-video-preview:-1"},"canonical":"https:\/\/www.ambiente-spa.eu\/eng\/ambiente-s-p-a-ha-avuto-il-piacere-di-ospitare-gli-studenti-dellistituto-antonio-de-curtis-di-aversa\/","og_locale":"en_GB","og_type":"article","og_title":"Ambiente S.p.A. ha avuto il piacere di ospitare gli studenti dell'Istituto Antonio de Curtis di Aversa - Ambiente S.p.A.","og_description":"Il 5, 6 e 7 marzo, presso il nostro stabilimento di Ambiente, abbiamo avuto il piacere di ospitare gli studenti dell'Istituto Antonio de Curtis di Aversa, in provincia di Caserta, per un'importante giornata di sensibilizzazione sull'impegno verso la sostenibilit\u00e0 e l'innovazione.","og_url":"https:\/\/www.ambiente-spa.eu\/eng\/ambiente-s-p-a-ha-avuto-il-piacere-di-ospitare-gli-studenti-dellistituto-antonio-de-curtis-di-aversa\/","og_site_name":"Ambiente S.p.A.","article_published_time":"2025-03-08T15:00:24+00:00","article_modified_time":"2025-04-04T14:51:17+00:00","og_image":[{"width":1170,"height":500,"url":"http:\/\/www.ambiente-spa.eu\/wp-content\/uploads\/2025\/03\/img-blog-20250308.jpg","type":"image\/jpeg"}],"author":"sema_admin","twitter_card":"summary_large_image","twitter_misc":{"Written by":"sema_admin","Estimated reading time":"2 minutes"},"schema":{"@context":"https:\/\/schema.org","@graph":[{"@type":"Article","@id":"https:\/\/www.ambiente-spa.eu\/ambiente-s-p-a-ha-avuto-il-piacere-di-ospitare-gli-studenti-dellistituto-antonio-de-curtis-di-aversa\/#article","isPartOf":{"@id":"https:\/\/www.ambiente-spa.eu\/ambiente-s-p-a-ha-avuto-il-piacere-di-ospitare-gli-studenti-dellistituto-antonio-de-curtis-di-aversa\/"},"author":{"name":"sema_admin","@id":"https:\/\/www.ambiente-spa.eu\/#\/schema\/person\/5cd062e68a88b497afdb2ed3ff100419"},"headline":"Ambiente S.p.A. ha avuto il piacere di ospitare gli studenti dell&#8217;Istituto Antonio de Curtis di Aversa","datePublished":"2025-03-08T15:00:24+00:00","dateModified":"2025-04-04T14:51:17+00:00","mainEntityOfPage":{"@id":"https:\/\/www.ambiente-spa.eu\/ambiente-s-p-a-ha-avuto-il-piacere-di-ospitare-gli-studenti-dellistituto-antonio-de-curtis-di-aversa\/"},"wordCount":473,"image":{"@id":"https:\/\/www.ambiente-spa.eu\/ambiente-s-p-a-ha-avuto-il-piacere-di-ospitare-gli-studenti-dellistituto-antonio-de-curtis-di-aversa\/#primaryimage"},"thumbnailUrl":"https:\/\/www.ambiente-spa.eu\/wp-content\/uploads\/2025\/03\/img-blog-20250308.jpg","articleSection":["Blog"],"inLanguage":"en-GB"},{"@type":"WebPage","@id":"https:\/\/www.ambiente-spa.eu\/ambiente-s-p-a-ha-avuto-il-piacere-di-ospitare-gli-studenti-dellistituto-antonio-de-curtis-di-aversa\/","url":"https:\/\/www.ambiente-spa.eu\/ambiente-s-p-a-ha-avuto-il-piacere-di-ospitare-gli-studenti-dellistituto-antonio-de-curtis-di-aversa\/","name":"Ambiente S.p.A. ha avuto il piacere di ospitare gli studenti dell'Istituto Antonio de Curtis di Aversa - Ambiente S.p.A.","isPartOf":{"@id":"https:\/\/www.ambiente-spa.eu\/#website"},"primaryImageOfPage":{"@id":"https:\/\/www.ambiente-spa.eu\/ambiente-s-p-a-ha-avuto-il-piacere-di-ospitare-gli-studenti-dellistituto-antonio-de-curtis-di-aversa\/#primaryimage"},"image":{"@id":"https:\/\/www.ambiente-spa.eu\/ambiente-s-p-a-ha-avuto-il-piacere-di-ospitare-gli-studenti-dellistituto-antonio-de-curtis-di-aversa\/#primaryimage"},"thumbnailUrl":"https:\/\/www.ambiente-spa.eu\/wp-content\/uploads\/2025\/03\/img-blog-20250308.jpg","datePublished":"2025-03-08T15:00:24+00:00","dateModified":"2025-04-04T14:51:17+00:00","author":{"@id":"https:\/\/www.ambiente-spa.eu\/#\/schema\/person\/5cd062e68a88b497afdb2ed3ff100419"},"description":"Il 5, 6 e 7 marzo, presso il nostro stabilimento di Ambiente, abbiamo avuto il piacere di ospitare gli studenti dell'Istituto Antonio de Curtis di Aversa, in provincia di Caserta, per un'importante giornata di sensibilizzazione sull'impegno verso la sostenibilit\u00e0 e l'innovazione.","breadcrumb":{"@id":"https:\/\/www.ambiente-spa.eu\/ambiente-s-p-a-ha-avuto-il-piacere-di-ospitare-gli-studenti-dellistituto-antonio-de-curtis-di-aversa\/#breadcrumb"},"inLanguage":"en-GB","potentialAction":[{"@type":"ReadAction","target":["https:\/\/www.ambiente-spa.eu\/ambiente-s-p-a-ha-avuto-il-piacere-di-ospitare-gli-studenti-dellistituto-antonio-de-curtis-di-aversa\/"]}]},{"@type":"ImageObject","inLanguage":"en-GB","@id":"https:\/\/www.ambiente-spa.eu\/ambiente-s-p-a-ha-avuto-il-piacere-di-ospitare-gli-studenti-dellistituto-antonio-de-curtis-di-aversa\/#primaryimage","url":"https:\/\/www.ambiente-spa.eu\/wp-content\/uploads\/2025\/03\/img-blog-20250308.jpg","contentUrl":"https:\/\/www.ambiente-spa.eu\/wp-content\/uploads\/2025\/03\/img-blog-20250308.jpg","width":1170,"height":500},{"@type":"BreadcrumbList","@id":"https:\/\/www.ambiente-spa.eu\/ambiente-s-p-a-ha-avuto-il-piacere-di-ospitare-gli-studenti-dellistituto-antonio-de-curtis-di-aversa\/#breadcrumb","itemListElement":[{"@type":"ListItem","position":1,"name":"Home","item":"https:\/\/www.ambiente-spa.eu\/"},{"@type":"ListItem","position":2,"name":"Ambiente S.p.A. ha avuto il piacere di ospitare gli studenti dell&#8217;Istituto Antonio de Curtis di Aversa"}]},{"@type":"WebSite","@id":"https:\/\/www.ambiente-spa.eu\/#website","url":"https:\/\/www.ambiente-spa.eu\/","name":"Ambiente S.p.A.","description":"In armonia con la natura","potentialAction":[{"@type":"SearchAction","target":{"@type":"EntryPoint","urlTemplate":"https:\/\/www.ambiente-spa.eu\/?s={search_term_string}"},"query-input":{"@type":"PropertyValueSpecification","valueRequired":true,"valueName":"search_term_string"}}],"inLanguage":"en-GB"},{"@type":"Person","@id":"https:\/\/www.ambiente-spa.eu\/#\/schema\/person\/5cd062e68a88b497afdb2ed3ff100419","name":"sema_admin","image":{"@type":"ImageObject","inLanguage":"en-GB","@id":"https:\/\/secure.gravatar.com\/avatar\/6004014b0790ccc79a71a2d2e7a14d558288512c4265b787ee59694eb3595470?s=96&d=mm&r=g","url":"https:\/\/secure.gravatar.com\/avatar\/6004014b0790ccc79a71a2d2e7a14d558288512c4265b787ee59694eb3595470?s=96&d=mm&r=g","contentUrl":"https:\/\/secure.gravatar.com\/avatar\/6004014b0790ccc79a71a2d2e7a14d558288512c4265b787ee59694eb3595470?s=96&d=mm&r=g","caption":"sema_admin"},"sameAs":["http:\/\/www.ambiente-spa.eu"],"url":"https:\/\/www.ambiente-spa.eu\/eng\/author\/sema_admin\/"}]}},"_links":{"self":[{"href":"https:\/\/www.ambiente-spa.eu\/eng\/wp-json\/wp\/v2\/posts\/3926","targetHints":{"allow":["GET"]}}],"collection":[{"href":"https:\/\/www.ambiente-spa.eu\/eng\/wp-json\/wp\/v2\/posts"}],"about":[{"href":"https:\/\/www.ambiente-spa.eu\/eng\/wp-json\/wp\/v2\/types\/post"}],"author":[{"embeddable":true,"href":"https:\/\/www.ambiente-spa.eu\/eng\/wp-json\/wp\/v2\/users\/1"}],"replies":[{"embeddable":true,"href":"https:\/\/www.ambiente-spa.eu\/eng\/wp-json\/wp\/v2\/comments?post=3926"}],"version-history":[{"count":4,"href":"https:\/\/www.ambiente-spa.eu\/eng\/wp-json\/wp\/v2\/posts\/3926\/revisions"}],"predecessor-version":[{"id":3935,"href":"https:\/\/www.ambiente-spa.eu\/eng\/wp-json\/wp\/v2\/posts\/3926\/revisions\/3935"}],"wp:featuredmedia":[{"embeddable":true,"href":"https:\/\/www.ambiente-spa.eu\/eng\/wp-json\/wp\/v2\/media\/3928"}],"wp:attachment":[{"href":"https:\/\/www.ambiente-spa.eu\/eng\/wp-json\/wp\/v2\/media?parent=3926"}],"wp:term":[{"taxonomy":"category","embeddable":true,"href":"https:\/\/www.ambiente-spa.eu\/eng\/wp-json\/wp\/v2\/categories?post=3926"},{"taxonomy":"post_tag","embeddable":true,"href":"https:\/\/www.ambiente-spa.eu\/eng\/wp-json\/wp\/v2\/tags?post=3926"}],"curies":[{"name":"wp","href":"https:\/\/api.w.org\/{rel}","templated":true}]}}