{"id":3533,"date":"2016-04-11T14:23:59","date_gmt":"2016-04-11T12:23:59","guid":{"rendered":"https:\/\/www.ambiente-spa.eu\/?p=3533"},"modified":"2024-01-10T14:29:48","modified_gmt":"2024-01-10T13:29:48","slug":"ambiente-s-p-a-inaugurazione-della-piattaforma-ecologica-piu-moderna-deuropa","status":"publish","type":"post","link":"https:\/\/www.ambiente-spa.eu\/eng\/ambiente-s-p-a-inaugurazione-della-piattaforma-ecologica-piu-moderna-deuropa\/","title":{"rendered":"AMBIENTE S.P.A. INAUGURAZIONE DELLA PIATTAFORMA ECOLOGICA PI\u00d9 MODERNA D&#8217;EUROPA"},"content":{"rendered":"<div class=\"wpb-content-wrapper\"><section class=\"vc_row wpb_row vc_row-fluid vc-zozo-section typo-default\"><div class=\"zozo-vc-main-row-inner vc-normal-section\"><div class=\"wpb_column vc_main_column vc_column_container vc_col-sm-12 typo-default\"><div class=\"vc_column-inner \"><div class=\"wpb_wrapper\">\n\t<div class=\"wpb_text_column wpb_content_element\" >\n\t\t<div class=\"wpb_wrapper\">\n\t\t\t<p>Un importante obiettivo \u00e8 stato raggiunto: Ambiente Spa, in partnership con le aziende francesi Pellenc ST e Vauch\u00e8 SA, l&#8217;11 aprile in provincia di Napoli, a San Vitaliano ha inaugurato la piattaforma ecologica pi\u00f9 grande d&#8217;Europa. Un impianto innovativo, il solo in Europa ad avere su un\u2019unica linea 20 selettori ottici, capaci di riconoscere e trattare fino a 100mila tonnellate l&#8217;anno di materiale proveniente da raccolta differenziata, contribuendo in questo modo alla tutela dell&#8217;ambiente.<\/p>\n<p>Ambiente Spa ha deciso di realizzare un impianto che fosse ai vertici della tecnologia esistente, capace anche di essere flessibile pur nella sua completa innovazione, rappresentando in tal modo un\u2019eccellenza europea nel panorama delle aziende che si dedicano al recupero di materia prima derivante dai rifiuti.<\/p>\n<p>Il progetto nasce con l&#8217;obiettivo di raggiungere il tasso di automazione pi\u00f9 alto possibile, in modo da migliorare sensibilmente la qualit\u00e0 dei prodotti recuperati, ridurre in modo significativo lo stress subito dal personale coinvolto e minimizzare i costi di esercizio. La realizzazione, nell\u2019unit\u00e0 produttiva di San Vitaliano, di questo impianto di selezione di ultima generazione, completa un processo di aggiornamento tecnologico finalizzato all\u2019efficienza e all\u2019efficacia dei processi di selezione.<\/p>\n<p>Una tappa importante raggiunta da tutta la societ\u00e0 che, fin dalla sua nascita, si \u00e8 posta come obiettivo diventare leader nel settore del recupero di materie prime dai rifiuti, contribuendo sensibilmente alla tutela dell&#8217;ambiente.<\/p>\n\n\t\t<\/div>\n\t<\/div>\n<\/div><\/div><\/div><\/div><\/section>\t\r\n\r\n\r\n\t<section class=\"vc_row wpb_row vc_row-fluid vc-zozo-section typo-default\"><div class=\"zozo-vc-main-row-inner vc-normal-section\"><div class=\"wpb_column vc_main_column vc_column_container vc_col-sm-12 typo-default\"><div class=\"vc_column-inner \"><div class=\"wpb_wrapper\"><div class=\"wpb_gallery wpb_content_element vc_clearfix wpb_content_element\" ><div class=\"wpb_wrapper\"><div class=\"wpb_gallery_slides wpb_image_grid\" data-interval=\"3\"><ul class=\"wpb_image_grid_ul\"><li class=\"isotope-item\"><a class=\"\" href=\"https:\/\/www.ambiente-spa.eu\/wp-content\/uploads\/2016\/04\/01-3g4a0506-600x600.jpg\" data-lightbox=\"lightbox[rel-3533-3430040983]\"><img decoding=\"async\" width=\"150\" height=\"150\" src=\"https:\/\/www.ambiente-spa.eu\/wp-content\/uploads\/2016\/04\/01-3g4a0506-150x150.jpg\" class=\"attachment-thumbnail\" alt=\"\" title=\"01-3g4a0506\" srcset=\"https:\/\/www.ambiente-spa.eu\/wp-content\/uploads\/2016\/04\/01-3g4a0506-150x150.jpg 150w, https:\/\/www.ambiente-spa.eu\/wp-content\/uploads\/2016\/04\/01-3g4a0506-600x600.jpg 600w, https:\/\/www.ambiente-spa.eu\/wp-content\/uploads\/2016\/04\/01-3g4a0506-85x85.jpg 85w, https:\/\/www.ambiente-spa.eu\/wp-content\/uploads\/2016\/04\/01-3g4a0506-500x500.jpg 500w, https:\/\/www.ambiente-spa.eu\/wp-content\/uploads\/2016\/04\/01-3g4a0506-400x400.jpg 400w, https:\/\/www.ambiente-spa.eu\/wp-content\/uploads\/2016\/04\/01-3g4a0506-300x300.jpg 300w\" sizes=\"(max-width: 150px) 100vw, 150px\" \/><\/a><\/li><li class=\"isotope-item\"><a class=\"\" href=\"https:\/\/www.ambiente-spa.eu\/wp-content\/uploads\/2016\/04\/02-fv9t4893-600x600.jpg\" data-lightbox=\"lightbox[rel-3533-3430040983]\"><img decoding=\"async\" width=\"150\" height=\"150\" src=\"https:\/\/www.ambiente-spa.eu\/wp-content\/uploads\/2016\/04\/02-fv9t4893-150x150.jpg\" class=\"attachment-thumbnail\" alt=\"\" title=\"02-fv9t4893\" srcset=\"https:\/\/www.ambiente-spa.eu\/wp-content\/uploads\/2016\/04\/02-fv9t4893-150x150.jpg 150w, https:\/\/www.ambiente-spa.eu\/wp-content\/uploads\/2016\/04\/02-fv9t4893-600x600.jpg 600w, https:\/\/www.ambiente-spa.eu\/wp-content\/uploads\/2016\/04\/02-fv9t4893-85x85.jpg 85w, https:\/\/www.ambiente-spa.eu\/wp-content\/uploads\/2016\/04\/02-fv9t4893-500x500.jpg 500w, https:\/\/www.ambiente-spa.eu\/wp-content\/uploads\/2016\/04\/02-fv9t4893-400x400.jpg 400w, https:\/\/www.ambiente-spa.eu\/wp-content\/uploads\/2016\/04\/02-fv9t4893-300x300.jpg 300w\" sizes=\"(max-width: 150px) 100vw, 150px\" \/><\/a><\/li><li class=\"isotope-item\"><a class=\"\" href=\"https:\/\/www.ambiente-spa.eu\/wp-content\/uploads\/2016\/04\/03-fv9t4899-600x600.jpg\" data-lightbox=\"lightbox[rel-3533-3430040983]\"><img decoding=\"async\" width=\"150\" height=\"150\" src=\"https:\/\/www.ambiente-spa.eu\/wp-content\/uploads\/2016\/04\/03-fv9t4899-150x150.jpg\" class=\"attachment-thumbnail\" alt=\"\" title=\"03-fv9t4899\" srcset=\"https:\/\/www.ambiente-spa.eu\/wp-content\/uploads\/2016\/04\/03-fv9t4899-150x150.jpg 150w, https:\/\/www.ambiente-spa.eu\/wp-content\/uploads\/2016\/04\/03-fv9t4899-600x600.jpg 600w, https:\/\/www.ambiente-spa.eu\/wp-content\/uploads\/2016\/04\/03-fv9t4899-85x85.jpg 85w, https:\/\/www.ambiente-spa.eu\/wp-content\/uploads\/2016\/04\/03-fv9t4899-500x500.jpg 500w, https:\/\/www.ambiente-spa.eu\/wp-content\/uploads\/2016\/04\/03-fv9t4899-400x400.jpg 400w, https:\/\/www.ambiente-spa.eu\/wp-content\/uploads\/2016\/04\/03-fv9t4899-300x300.jpg 300w\" sizes=\"(max-width: 150px) 100vw, 150px\" \/><\/a><\/li><li class=\"isotope-item\"><a class=\"\" href=\"https:\/\/www.ambiente-spa.eu\/wp-content\/uploads\/2016\/04\/04-3g4a0545-600x600.jpg\" data-lightbox=\"lightbox[rel-3533-3430040983]\"><img decoding=\"async\" width=\"150\" height=\"150\" src=\"https:\/\/www.ambiente-spa.eu\/wp-content\/uploads\/2016\/04\/04-3g4a0545-150x150.jpg\" class=\"attachment-thumbnail\" alt=\"\" title=\"04-3g4a0545\" srcset=\"https:\/\/www.ambiente-spa.eu\/wp-content\/uploads\/2016\/04\/04-3g4a0545-150x150.jpg 150w, https:\/\/www.ambiente-spa.eu\/wp-content\/uploads\/2016\/04\/04-3g4a0545-600x600.jpg 600w, https:\/\/www.ambiente-spa.eu\/wp-content\/uploads\/2016\/04\/04-3g4a0545-85x85.jpg 85w, https:\/\/www.ambiente-spa.eu\/wp-content\/uploads\/2016\/04\/04-3g4a0545-500x500.jpg 500w, https:\/\/www.ambiente-spa.eu\/wp-content\/uploads\/2016\/04\/04-3g4a0545-400x400.jpg 400w, https:\/\/www.ambiente-spa.eu\/wp-content\/uploads\/2016\/04\/04-3g4a0545-300x300.jpg 300w\" sizes=\"(max-width: 150px) 100vw, 150px\" \/><\/a><\/li><li class=\"isotope-item\"><a class=\"\" href=\"https:\/\/www.ambiente-spa.eu\/wp-content\/uploads\/2016\/04\/05-3g4a0548-600x600.jpg\" data-lightbox=\"lightbox[rel-3533-3430040983]\"><img decoding=\"async\" width=\"150\" height=\"150\" src=\"https:\/\/www.ambiente-spa.eu\/wp-content\/uploads\/2016\/04\/05-3g4a0548-150x150.jpg\" class=\"attachment-thumbnail\" alt=\"\" title=\"05-3g4a0548\" srcset=\"https:\/\/www.ambiente-spa.eu\/wp-content\/uploads\/2016\/04\/05-3g4a0548-150x150.jpg 150w, https:\/\/www.ambiente-spa.eu\/wp-content\/uploads\/2016\/04\/05-3g4a0548-600x600.jpg 600w, https:\/\/www.ambiente-spa.eu\/wp-content\/uploads\/2016\/04\/05-3g4a0548-85x85.jpg 85w, https:\/\/www.ambiente-spa.eu\/wp-content\/uploads\/2016\/04\/05-3g4a0548-500x500.jpg 500w, https:\/\/www.ambiente-spa.eu\/wp-content\/uploads\/2016\/04\/05-3g4a0548-400x400.jpg 400w, https:\/\/www.ambiente-spa.eu\/wp-content\/uploads\/2016\/04\/05-3g4a0548-300x300.jpg 300w\" sizes=\"(max-width: 150px) 100vw, 150px\" \/><\/a><\/li><li class=\"isotope-item\"><a class=\"\" href=\"https:\/\/www.ambiente-spa.eu\/wp-content\/uploads\/2016\/04\/06-3g4a0551-600x600.jpg\" data-lightbox=\"lightbox[rel-3533-3430040983]\"><img decoding=\"async\" width=\"150\" height=\"150\" src=\"https:\/\/www.ambiente-spa.eu\/wp-content\/uploads\/2016\/04\/06-3g4a0551-150x150.jpg\" class=\"attachment-thumbnail\" alt=\"\" title=\"06-3g4a0551\" srcset=\"https:\/\/www.ambiente-spa.eu\/wp-content\/uploads\/2016\/04\/06-3g4a0551-150x150.jpg 150w, https:\/\/www.ambiente-spa.eu\/wp-content\/uploads\/2016\/04\/06-3g4a0551-600x600.jpg 600w, https:\/\/www.ambiente-spa.eu\/wp-content\/uploads\/2016\/04\/06-3g4a0551-85x85.jpg 85w, https:\/\/www.ambiente-spa.eu\/wp-content\/uploads\/2016\/04\/06-3g4a0551-500x500.jpg 500w, https:\/\/www.ambiente-spa.eu\/wp-content\/uploads\/2016\/04\/06-3g4a0551-400x400.jpg 400w, https:\/\/www.ambiente-spa.eu\/wp-content\/uploads\/2016\/04\/06-3g4a0551-300x300.jpg 300w\" sizes=\"(max-width: 150px) 100vw, 150px\" \/><\/a><\/li><li class=\"isotope-item\"><a class=\"\" href=\"https:\/\/www.ambiente-spa.eu\/wp-content\/uploads\/2016\/04\/07-3g4a0554-600x600.jpg\" data-lightbox=\"lightbox[rel-3533-3430040983]\"><img decoding=\"async\" width=\"150\" height=\"150\" src=\"https:\/\/www.ambiente-spa.eu\/wp-content\/uploads\/2016\/04\/07-3g4a0554-150x150.jpg\" class=\"attachment-thumbnail\" alt=\"\" title=\"07-3g4a0554\" srcset=\"https:\/\/www.ambiente-spa.eu\/wp-content\/uploads\/2016\/04\/07-3g4a0554-150x150.jpg 150w, https:\/\/www.ambiente-spa.eu\/wp-content\/uploads\/2016\/04\/07-3g4a0554-600x600.jpg 600w, https:\/\/www.ambiente-spa.eu\/wp-content\/uploads\/2016\/04\/07-3g4a0554-85x85.jpg 85w, https:\/\/www.ambiente-spa.eu\/wp-content\/uploads\/2016\/04\/07-3g4a0554-500x500.jpg 500w, https:\/\/www.ambiente-spa.eu\/wp-content\/uploads\/2016\/04\/07-3g4a0554-400x400.jpg 400w, https:\/\/www.ambiente-spa.eu\/wp-content\/uploads\/2016\/04\/07-3g4a0554-300x300.jpg 300w\" sizes=\"(max-width: 150px) 100vw, 150px\" \/><\/a><\/li><li class=\"isotope-item\"><a class=\"\" href=\"https:\/\/www.ambiente-spa.eu\/wp-content\/uploads\/2016\/04\/08-3g4a0555-600x600.jpg\" data-lightbox=\"lightbox[rel-3533-3430040983]\"><img decoding=\"async\" width=\"150\" height=\"150\" src=\"https:\/\/www.ambiente-spa.eu\/wp-content\/uploads\/2016\/04\/08-3g4a0555-150x150.jpg\" class=\"attachment-thumbnail\" alt=\"\" title=\"08-3g4a0555\" srcset=\"https:\/\/www.ambiente-spa.eu\/wp-content\/uploads\/2016\/04\/08-3g4a0555-150x150.jpg 150w, https:\/\/www.ambiente-spa.eu\/wp-content\/uploads\/2016\/04\/08-3g4a0555-600x600.jpg 600w, https:\/\/www.ambiente-spa.eu\/wp-content\/uploads\/2016\/04\/08-3g4a0555-85x85.jpg 85w, https:\/\/www.ambiente-spa.eu\/wp-content\/uploads\/2016\/04\/08-3g4a0555-500x500.jpg 500w, https:\/\/www.ambiente-spa.eu\/wp-content\/uploads\/2016\/04\/08-3g4a0555-400x400.jpg 400w, https:\/\/www.ambiente-spa.eu\/wp-content\/uploads\/2016\/04\/08-3g4a0555-300x300.jpg 300w\" sizes=\"(max-width: 150px) 100vw, 150px\" \/><\/a><\/li><li class=\"isotope-item\"><a class=\"\" href=\"https:\/\/www.ambiente-spa.eu\/wp-content\/uploads\/2016\/04\/09-3g4a0558-600x600.jpg\" data-lightbox=\"lightbox[rel-3533-3430040983]\"><img decoding=\"async\" width=\"150\" height=\"150\" src=\"https:\/\/www.ambiente-spa.eu\/wp-content\/uploads\/2016\/04\/09-3g4a0558-150x150.jpg\" class=\"attachment-thumbnail\" alt=\"\" title=\"09-3g4a0558\" srcset=\"https:\/\/www.ambiente-spa.eu\/wp-content\/uploads\/2016\/04\/09-3g4a0558-150x150.jpg 150w, https:\/\/www.ambiente-spa.eu\/wp-content\/uploads\/2016\/04\/09-3g4a0558-600x600.jpg 600w, https:\/\/www.ambiente-spa.eu\/wp-content\/uploads\/2016\/04\/09-3g4a0558-85x85.jpg 85w, https:\/\/www.ambiente-spa.eu\/wp-content\/uploads\/2016\/04\/09-3g4a0558-500x500.jpg 500w, https:\/\/www.ambiente-spa.eu\/wp-content\/uploads\/2016\/04\/09-3g4a0558-400x400.jpg 400w, https:\/\/www.ambiente-spa.eu\/wp-content\/uploads\/2016\/04\/09-3g4a0558-300x300.jpg 300w\" sizes=\"(max-width: 150px) 100vw, 150px\" \/><\/a><\/li><li class=\"isotope-item\"><a class=\"\" href=\"https:\/\/www.ambiente-spa.eu\/wp-content\/uploads\/2016\/04\/10-3g4a0562-600x600.jpg\" data-lightbox=\"lightbox[rel-3533-3430040983]\"><img decoding=\"async\" width=\"150\" height=\"150\" src=\"https:\/\/www.ambiente-spa.eu\/wp-content\/uploads\/2016\/04\/10-3g4a0562-150x150.jpg\" class=\"attachment-thumbnail\" alt=\"\" title=\"10-3g4a0562\" srcset=\"https:\/\/www.ambiente-spa.eu\/wp-content\/uploads\/2016\/04\/10-3g4a0562-150x150.jpg 150w, https:\/\/www.ambiente-spa.eu\/wp-content\/uploads\/2016\/04\/10-3g4a0562-600x600.jpg 600w, https:\/\/www.ambiente-spa.eu\/wp-content\/uploads\/2016\/04\/10-3g4a0562-85x85.jpg 85w, https:\/\/www.ambiente-spa.eu\/wp-content\/uploads\/2016\/04\/10-3g4a0562-500x500.jpg 500w, https:\/\/www.ambiente-spa.eu\/wp-content\/uploads\/2016\/04\/10-3g4a0562-400x400.jpg 400w, https:\/\/www.ambiente-spa.eu\/wp-content\/uploads\/2016\/04\/10-3g4a0562-300x300.jpg 300w\" sizes=\"(max-width: 150px) 100vw, 150px\" \/><\/a><\/li><li class=\"isotope-item\"><a class=\"\" href=\"https:\/\/www.ambiente-spa.eu\/wp-content\/uploads\/2016\/04\/11-3g4a0572-600x600.jpg\" data-lightbox=\"lightbox[rel-3533-3430040983]\"><img decoding=\"async\" width=\"150\" height=\"150\" src=\"https:\/\/www.ambiente-spa.eu\/wp-content\/uploads\/2016\/04\/11-3g4a0572-150x150.jpg\" class=\"attachment-thumbnail\" alt=\"\" title=\"11-3g4a0572\" srcset=\"https:\/\/www.ambiente-spa.eu\/wp-content\/uploads\/2016\/04\/11-3g4a0572-150x150.jpg 150w, https:\/\/www.ambiente-spa.eu\/wp-content\/uploads\/2016\/04\/11-3g4a0572-600x600.jpg 600w, https:\/\/www.ambiente-spa.eu\/wp-content\/uploads\/2016\/04\/11-3g4a0572-85x85.jpg 85w, https:\/\/www.ambiente-spa.eu\/wp-content\/uploads\/2016\/04\/11-3g4a0572-500x500.jpg 500w, https:\/\/www.ambiente-spa.eu\/wp-content\/uploads\/2016\/04\/11-3g4a0572-400x400.jpg 400w, https:\/\/www.ambiente-spa.eu\/wp-content\/uploads\/2016\/04\/11-3g4a0572-300x300.jpg 300w\" sizes=\"(max-width: 150px) 100vw, 150px\" \/><\/a><\/li><li class=\"isotope-item\"><a class=\"\" href=\"https:\/\/www.ambiente-spa.eu\/wp-content\/uploads\/2016\/04\/12-3g4a0574-600x600.jpg\" data-lightbox=\"lightbox[rel-3533-3430040983]\"><img decoding=\"async\" width=\"150\" height=\"150\" src=\"https:\/\/www.ambiente-spa.eu\/wp-content\/uploads\/2016\/04\/12-3g4a0574-150x150.jpg\" class=\"attachment-thumbnail\" alt=\"\" title=\"12-3g4a0574\" srcset=\"https:\/\/www.ambiente-spa.eu\/wp-content\/uploads\/2016\/04\/12-3g4a0574-150x150.jpg 150w, https:\/\/www.ambiente-spa.eu\/wp-content\/uploads\/2016\/04\/12-3g4a0574-600x600.jpg 600w, https:\/\/www.ambiente-spa.eu\/wp-content\/uploads\/2016\/04\/12-3g4a0574-85x85.jpg 85w, https:\/\/www.ambiente-spa.eu\/wp-content\/uploads\/2016\/04\/12-3g4a0574-500x500.jpg 500w, https:\/\/www.ambiente-spa.eu\/wp-content\/uploads\/2016\/04\/12-3g4a0574-400x400.jpg 400w, https:\/\/www.ambiente-spa.eu\/wp-content\/uploads\/2016\/04\/12-3g4a0574-300x300.jpg 300w\" sizes=\"(max-width: 150px) 100vw, 150px\" \/><\/a><\/li><li class=\"isotope-item\"><a class=\"\" href=\"https:\/\/www.ambiente-spa.eu\/wp-content\/uploads\/2016\/04\/13-3g4a0576-600x600.jpg\" data-lightbox=\"lightbox[rel-3533-3430040983]\"><img decoding=\"async\" width=\"150\" height=\"150\" src=\"https:\/\/www.ambiente-spa.eu\/wp-content\/uploads\/2016\/04\/13-3g4a0576-150x150.jpg\" class=\"attachment-thumbnail\" alt=\"\" title=\"13-3g4a0576\" srcset=\"https:\/\/www.ambiente-spa.eu\/wp-content\/uploads\/2016\/04\/13-3g4a0576-150x150.jpg 150w, https:\/\/www.ambiente-spa.eu\/wp-content\/uploads\/2016\/04\/13-3g4a0576-600x600.jpg 600w, https:\/\/www.ambiente-spa.eu\/wp-content\/uploads\/2016\/04\/13-3g4a0576-85x85.jpg 85w, https:\/\/www.ambiente-spa.eu\/wp-content\/uploads\/2016\/04\/13-3g4a0576-500x500.jpg 500w, https:\/\/www.ambiente-spa.eu\/wp-content\/uploads\/2016\/04\/13-3g4a0576-400x400.jpg 400w, https:\/\/www.ambiente-spa.eu\/wp-content\/uploads\/2016\/04\/13-3g4a0576-300x300.jpg 300w\" sizes=\"(max-width: 150px) 100vw, 150px\" \/><\/a><\/li><li class=\"isotope-item\"><a class=\"\" href=\"https:\/\/www.ambiente-spa.eu\/wp-content\/uploads\/2016\/04\/14-3g4a0579-600x600.jpg\" data-lightbox=\"lightbox[rel-3533-3430040983]\"><img decoding=\"async\" width=\"150\" height=\"150\" src=\"https:\/\/www.ambiente-spa.eu\/wp-content\/uploads\/2016\/04\/14-3g4a0579-150x150.jpg\" class=\"attachment-thumbnail\" alt=\"\" title=\"14-3g4a0579\" srcset=\"https:\/\/www.ambiente-spa.eu\/wp-content\/uploads\/2016\/04\/14-3g4a0579-150x150.jpg 150w, https:\/\/www.ambiente-spa.eu\/wp-content\/uploads\/2016\/04\/14-3g4a0579-600x600.jpg 600w, https:\/\/www.ambiente-spa.eu\/wp-content\/uploads\/2016\/04\/14-3g4a0579-85x85.jpg 85w, https:\/\/www.ambiente-spa.eu\/wp-content\/uploads\/2016\/04\/14-3g4a0579-500x500.jpg 500w, https:\/\/www.ambiente-spa.eu\/wp-content\/uploads\/2016\/04\/14-3g4a0579-400x400.jpg 400w, https:\/\/www.ambiente-spa.eu\/wp-content\/uploads\/2016\/04\/14-3g4a0579-300x300.jpg 300w\" sizes=\"(max-width: 150px) 100vw, 150px\" \/><\/a><\/li><li class=\"isotope-item\"><a class=\"\" href=\"https:\/\/www.ambiente-spa.eu\/wp-content\/uploads\/2016\/04\/15-3g4a0631-600x600.jpg\" data-lightbox=\"lightbox[rel-3533-3430040983]\"><img decoding=\"async\" width=\"150\" height=\"150\" src=\"https:\/\/www.ambiente-spa.eu\/wp-content\/uploads\/2016\/04\/15-3g4a0631-150x150.jpg\" class=\"attachment-thumbnail\" alt=\"\" title=\"15-3g4a0631\" srcset=\"https:\/\/www.ambiente-spa.eu\/wp-content\/uploads\/2016\/04\/15-3g4a0631-150x150.jpg 150w, https:\/\/www.ambiente-spa.eu\/wp-content\/uploads\/2016\/04\/15-3g4a0631-600x600.jpg 600w, https:\/\/www.ambiente-spa.eu\/wp-content\/uploads\/2016\/04\/15-3g4a0631-85x85.jpg 85w, https:\/\/www.ambiente-spa.eu\/wp-content\/uploads\/2016\/04\/15-3g4a0631-500x500.jpg 500w, https:\/\/www.ambiente-spa.eu\/wp-content\/uploads\/2016\/04\/15-3g4a0631-400x400.jpg 400w, https:\/\/www.ambiente-spa.eu\/wp-content\/uploads\/2016\/04\/15-3g4a0631-300x300.jpg 300w\" sizes=\"(max-width: 150px) 100vw, 150px\" \/><\/a><\/li><li class=\"isotope-item\"><a class=\"\" href=\"https:\/\/www.ambiente-spa.eu\/wp-content\/uploads\/2016\/04\/16-3g4a0657-600x600.jpg\" data-lightbox=\"lightbox[rel-3533-3430040983]\"><img decoding=\"async\" width=\"150\" height=\"150\" src=\"https:\/\/www.ambiente-spa.eu\/wp-content\/uploads\/2016\/04\/16-3g4a0657-150x150.jpg\" class=\"attachment-thumbnail\" alt=\"\" title=\"16-3g4a0657\" srcset=\"https:\/\/www.ambiente-spa.eu\/wp-content\/uploads\/2016\/04\/16-3g4a0657-150x150.jpg 150w, https:\/\/www.ambiente-spa.eu\/wp-content\/uploads\/2016\/04\/16-3g4a0657-600x600.jpg 600w, https:\/\/www.ambiente-spa.eu\/wp-content\/uploads\/2016\/04\/16-3g4a0657-85x85.jpg 85w, https:\/\/www.ambiente-spa.eu\/wp-content\/uploads\/2016\/04\/16-3g4a0657-500x500.jpg 500w, https:\/\/www.ambiente-spa.eu\/wp-content\/uploads\/2016\/04\/16-3g4a0657-400x400.jpg 400w, https:\/\/www.ambiente-spa.eu\/wp-content\/uploads\/2016\/04\/16-3g4a0657-300x300.jpg 300w\" sizes=\"(max-width: 150px) 100vw, 150px\" \/><\/a><\/li><li class=\"isotope-item\"><a class=\"\" href=\"https:\/\/www.ambiente-spa.eu\/wp-content\/uploads\/2016\/04\/17-fv9t5157-600x600.jpg\" data-lightbox=\"lightbox[rel-3533-3430040983]\"><img decoding=\"async\" width=\"150\" height=\"150\" src=\"https:\/\/www.ambiente-spa.eu\/wp-content\/uploads\/2016\/04\/17-fv9t5157-150x150.jpg\" class=\"attachment-thumbnail\" alt=\"\" title=\"17-fv9t5157\" srcset=\"https:\/\/www.ambiente-spa.eu\/wp-content\/uploads\/2016\/04\/17-fv9t5157-150x150.jpg 150w, https:\/\/www.ambiente-spa.eu\/wp-content\/uploads\/2016\/04\/17-fv9t5157-600x600.jpg 600w, https:\/\/www.ambiente-spa.eu\/wp-content\/uploads\/2016\/04\/17-fv9t5157-85x85.jpg 85w, https:\/\/www.ambiente-spa.eu\/wp-content\/uploads\/2016\/04\/17-fv9t5157-500x500.jpg 500w, https:\/\/www.ambiente-spa.eu\/wp-content\/uploads\/2016\/04\/17-fv9t5157-400x400.jpg 400w, https:\/\/www.ambiente-spa.eu\/wp-content\/uploads\/2016\/04\/17-fv9t5157-300x300.jpg 300w\" sizes=\"(max-width: 150px) 100vw, 150px\" \/><\/a><\/li><li class=\"isotope-item\"><a class=\"\" href=\"https:\/\/www.ambiente-spa.eu\/wp-content\/uploads\/2016\/04\/18-fv9t5166-600x600.jpg\" data-lightbox=\"lightbox[rel-3533-3430040983]\"><img decoding=\"async\" width=\"150\" height=\"150\" src=\"https:\/\/www.ambiente-spa.eu\/wp-content\/uploads\/2016\/04\/18-fv9t5166-150x150.jpg\" class=\"attachment-thumbnail\" alt=\"\" title=\"18-fv9t5166\" srcset=\"https:\/\/www.ambiente-spa.eu\/wp-content\/uploads\/2016\/04\/18-fv9t5166-150x150.jpg 150w, https:\/\/www.ambiente-spa.eu\/wp-content\/uploads\/2016\/04\/18-fv9t5166-600x600.jpg 600w, https:\/\/www.ambiente-spa.eu\/wp-content\/uploads\/2016\/04\/18-fv9t5166-85x85.jpg 85w, https:\/\/www.ambiente-spa.eu\/wp-content\/uploads\/2016\/04\/18-fv9t5166-500x500.jpg 500w, https:\/\/www.ambiente-spa.eu\/wp-content\/uploads\/2016\/04\/18-fv9t5166-400x400.jpg 400w, https:\/\/www.ambiente-spa.eu\/wp-content\/uploads\/2016\/04\/18-fv9t5166-300x300.jpg 300w\" sizes=\"(max-width: 150px) 100vw, 150px\" \/><\/a><\/li><li class=\"isotope-item\"><a class=\"\" href=\"https:\/\/www.ambiente-spa.eu\/wp-content\/uploads\/2016\/04\/19-fv9t5171-600x600.jpg\" data-lightbox=\"lightbox[rel-3533-3430040983]\"><img decoding=\"async\" width=\"150\" height=\"150\" src=\"https:\/\/www.ambiente-spa.eu\/wp-content\/uploads\/2016\/04\/19-fv9t5171-150x150.jpg\" class=\"attachment-thumbnail\" alt=\"\" title=\"19-fv9t5171\" srcset=\"https:\/\/www.ambiente-spa.eu\/wp-content\/uploads\/2016\/04\/19-fv9t5171-150x150.jpg 150w, https:\/\/www.ambiente-spa.eu\/wp-content\/uploads\/2016\/04\/19-fv9t5171-600x600.jpg 600w, https:\/\/www.ambiente-spa.eu\/wp-content\/uploads\/2016\/04\/19-fv9t5171-85x85.jpg 85w, https:\/\/www.ambiente-spa.eu\/wp-content\/uploads\/2016\/04\/19-fv9t5171-500x500.jpg 500w, https:\/\/www.ambiente-spa.eu\/wp-content\/uploads\/2016\/04\/19-fv9t5171-400x400.jpg 400w, https:\/\/www.ambiente-spa.eu\/wp-content\/uploads\/2016\/04\/19-fv9t5171-300x300.jpg 300w\" sizes=\"(max-width: 150px) 100vw, 150px\" \/><\/a><\/li><li class=\"isotope-item\"><a class=\"\" href=\"https:\/\/www.ambiente-spa.eu\/wp-content\/uploads\/2016\/04\/20-fv9t5231-600x600.jpg\" data-lightbox=\"lightbox[rel-3533-3430040983]\"><img decoding=\"async\" width=\"150\" height=\"150\" src=\"https:\/\/www.ambiente-spa.eu\/wp-content\/uploads\/2016\/04\/20-fv9t5231-150x150.jpg\" class=\"attachment-thumbnail\" alt=\"\" title=\"20-fv9t5231\" srcset=\"https:\/\/www.ambiente-spa.eu\/wp-content\/uploads\/2016\/04\/20-fv9t5231-150x150.jpg 150w, https:\/\/www.ambiente-spa.eu\/wp-content\/uploads\/2016\/04\/20-fv9t5231-600x600.jpg 600w, https:\/\/www.ambiente-spa.eu\/wp-content\/uploads\/2016\/04\/20-fv9t5231-85x85.jpg 85w, https:\/\/www.ambiente-spa.eu\/wp-content\/uploads\/2016\/04\/20-fv9t5231-500x500.jpg 500w, https:\/\/www.ambiente-spa.eu\/wp-content\/uploads\/2016\/04\/20-fv9t5231-400x400.jpg 400w, https:\/\/www.ambiente-spa.eu\/wp-content\/uploads\/2016\/04\/20-fv9t5231-300x300.jpg 300w\" sizes=\"(max-width: 150px) 100vw, 150px\" \/><\/a><\/li><\/ul><\/div><\/div><\/div><\/div><\/div><\/div><\/div><\/section>\n<\/div>","protected":false},"excerpt":{"rendered":"Un importante obiettivo \u00e8 stato raggiunto: Ambiente Spa, in partnership con le aziende francesi Pellenc ST e Vauch\u00e8 SA, l'11 aprile in provincia di Napoli, a San Vitaliano ha inaugurato la piattaforma ecologica pi\u00f9 grande d'Europa. Un impianto innovativo, il solo in Europa ad avere su un\u2019unica linea 20 selettori ottici, capaci di riconoscere e trattare fino a 100mila tonnellate...","protected":false},"author":1,"featured_media":3555,"comment_status":"closed","ping_status":"closed","sticky":false,"template":"","format":"standard","meta":{"_exactmetrics_skip_tracking":false,"_exactmetrics_sitenote_active":false,"_exactmetrics_sitenote_note":"","_exactmetrics_sitenote_category":0,"footnotes":""},"categories":[3],"tags":[],"class_list":["post-3533","post","type-post","status-publish","format-standard","has-post-thumbnail","hentry","category-blog"],"yoast_head":"<!-- This site is optimized with the Yoast SEO plugin v27.5 - https:\/\/yoast.com\/product\/yoast-seo-wordpress\/ -->\n<title>AMBIENTE S.P.A. INAUGURAZIONE DELLA PIATTAFORMA ECOLOGICA PI\u00d9 MODERNA D&#039;EUROPA - Ambiente S.p.A.<\/title>\n<meta name=\"description\" content=\"Un importante obiettivo \u00e8 stato raggiunto: Ambiente Spa, in partnership con le aziende francesi Pellenc ST e Vauch\u00e8 SA, l&#039;11 aprile in provincia di Napoli, a San Vitaliano ha inaugurato la piattaforma ecologica pi\u00f9 grande d&#039;Europa\" \/>\n<meta name=\"robots\" content=\"index, follow, max-snippet:-1, max-image-preview:large, max-video-preview:-1\" \/>\n<link rel=\"canonical\" href=\"https:\/\/www.ambiente-spa.eu\/eng\/ambiente-s-p-a-inaugurazione-della-piattaforma-ecologica-piu-moderna-deuropa\/\" \/>\n<meta property=\"og:locale\" content=\"en_GB\" \/>\n<meta property=\"og:type\" content=\"article\" \/>\n<meta property=\"og:title\" content=\"AMBIENTE S.P.A. INAUGURAZIONE DELLA PIATTAFORMA ECOLOGICA PI\u00d9 MODERNA D&#039;EUROPA - Ambiente S.p.A.\" \/>\n<meta property=\"og:description\" content=\"Un importante obiettivo \u00e8 stato raggiunto: Ambiente Spa, in partnership con le aziende francesi Pellenc ST e Vauch\u00e8 SA, l&#039;11 aprile in provincia di Napoli, a San Vitaliano ha inaugurato la piattaforma ecologica pi\u00f9 grande d&#039;Europa\" \/>\n<meta property=\"og:url\" content=\"https:\/\/www.ambiente-spa.eu\/eng\/ambiente-s-p-a-inaugurazione-della-piattaforma-ecologica-piu-moderna-deuropa\/\" \/>\n<meta property=\"og:site_name\" content=\"Ambiente S.p.A.\" \/>\n<meta property=\"article:published_time\" content=\"2016-04-11T12:23:59+00:00\" \/>\n<meta property=\"article:modified_time\" content=\"2024-01-10T13:29:48+00:00\" \/>\n<meta property=\"og:image\" content=\"http:\/\/www.ambiente-spa.eu\/wp-content\/uploads\/2016\/04\/img-blog-20160411.jpg\" \/>\n\t<meta property=\"og:image:width\" content=\"1100\" \/>\n\t<meta property=\"og:image:height\" content=\"500\" \/>\n\t<meta property=\"og:image:type\" content=\"image\/jpeg\" \/>\n<meta name=\"author\" content=\"sema_admin\" \/>\n<meta name=\"twitter:card\" content=\"summary_large_image\" \/>\n<meta name=\"twitter:label1\" content=\"Written by\" \/>\n\t<meta name=\"twitter:data1\" content=\"sema_admin\" \/>\n\t<meta name=\"twitter:label2\" content=\"Estimated reading time\" \/>\n\t<meta name=\"twitter:data2\" content=\"2 minutes\" \/>\n<script type=\"application\/ld+json\" class=\"yoast-schema-graph\">{\"@context\":\"https:\\\/\\\/schema.org\",\"@graph\":[{\"@type\":\"Article\",\"@id\":\"https:\\\/\\\/www.ambiente-spa.eu\\\/ambiente-s-p-a-inaugurazione-della-piattaforma-ecologica-piu-moderna-deuropa\\\/#article\",\"isPartOf\":{\"@id\":\"https:\\\/\\\/www.ambiente-spa.eu\\\/ambiente-s-p-a-inaugurazione-della-piattaforma-ecologica-piu-moderna-deuropa\\\/\"},\"author\":{\"name\":\"sema_admin\",\"@id\":\"https:\\\/\\\/www.ambiente-spa.eu\\\/#\\\/schema\\\/person\\\/5cd062e68a88b497afdb2ed3ff100419\"},\"headline\":\"AMBIENTE S.P.A. INAUGURAZIONE DELLA PIATTAFORMA ECOLOGICA PI\u00d9 MODERNA D&#8217;EUROPA\",\"datePublished\":\"2016-04-11T12:23:59+00:00\",\"dateModified\":\"2024-01-10T13:29:48+00:00\",\"mainEntityOfPage\":{\"@id\":\"https:\\\/\\\/www.ambiente-spa.eu\\\/ambiente-s-p-a-inaugurazione-della-piattaforma-ecologica-piu-moderna-deuropa\\\/\"},\"wordCount\":360,\"image\":{\"@id\":\"https:\\\/\\\/www.ambiente-spa.eu\\\/ambiente-s-p-a-inaugurazione-della-piattaforma-ecologica-piu-moderna-deuropa\\\/#primaryimage\"},\"thumbnailUrl\":\"https:\\\/\\\/www.ambiente-spa.eu\\\/wp-content\\\/uploads\\\/2016\\\/04\\\/img-blog-20160411.jpg\",\"articleSection\":[\"Blog\"],\"inLanguage\":\"en-GB\"},{\"@type\":\"WebPage\",\"@id\":\"https:\\\/\\\/www.ambiente-spa.eu\\\/ambiente-s-p-a-inaugurazione-della-piattaforma-ecologica-piu-moderna-deuropa\\\/\",\"url\":\"https:\\\/\\\/www.ambiente-spa.eu\\\/ambiente-s-p-a-inaugurazione-della-piattaforma-ecologica-piu-moderna-deuropa\\\/\",\"name\":\"AMBIENTE S.P.A. INAUGURAZIONE DELLA PIATTAFORMA ECOLOGICA PI\u00d9 MODERNA D'EUROPA - Ambiente S.p.A.\",\"isPartOf\":{\"@id\":\"https:\\\/\\\/www.ambiente-spa.eu\\\/#website\"},\"primaryImageOfPage\":{\"@id\":\"https:\\\/\\\/www.ambiente-spa.eu\\\/ambiente-s-p-a-inaugurazione-della-piattaforma-ecologica-piu-moderna-deuropa\\\/#primaryimage\"},\"image\":{\"@id\":\"https:\\\/\\\/www.ambiente-spa.eu\\\/ambiente-s-p-a-inaugurazione-della-piattaforma-ecologica-piu-moderna-deuropa\\\/#primaryimage\"},\"thumbnailUrl\":\"https:\\\/\\\/www.ambiente-spa.eu\\\/wp-content\\\/uploads\\\/2016\\\/04\\\/img-blog-20160411.jpg\",\"datePublished\":\"2016-04-11T12:23:59+00:00\",\"dateModified\":\"2024-01-10T13:29:48+00:00\",\"author\":{\"@id\":\"https:\\\/\\\/www.ambiente-spa.eu\\\/#\\\/schema\\\/person\\\/5cd062e68a88b497afdb2ed3ff100419\"},\"description\":\"Un importante obiettivo \u00e8 stato raggiunto: Ambiente Spa, in partnership con le aziende francesi Pellenc ST e Vauch\u00e8 SA, l'11 aprile in provincia di Napoli, a San Vitaliano ha inaugurato la piattaforma ecologica pi\u00f9 grande d'Europa\",\"breadcrumb\":{\"@id\":\"https:\\\/\\\/www.ambiente-spa.eu\\\/ambiente-s-p-a-inaugurazione-della-piattaforma-ecologica-piu-moderna-deuropa\\\/#breadcrumb\"},\"inLanguage\":\"en-GB\",\"potentialAction\":[{\"@type\":\"ReadAction\",\"target\":[\"https:\\\/\\\/www.ambiente-spa.eu\\\/ambiente-s-p-a-inaugurazione-della-piattaforma-ecologica-piu-moderna-deuropa\\\/\"]}]},{\"@type\":\"ImageObject\",\"inLanguage\":\"en-GB\",\"@id\":\"https:\\\/\\\/www.ambiente-spa.eu\\\/ambiente-s-p-a-inaugurazione-della-piattaforma-ecologica-piu-moderna-deuropa\\\/#primaryimage\",\"url\":\"https:\\\/\\\/www.ambiente-spa.eu\\\/wp-content\\\/uploads\\\/2016\\\/04\\\/img-blog-20160411.jpg\",\"contentUrl\":\"https:\\\/\\\/www.ambiente-spa.eu\\\/wp-content\\\/uploads\\\/2016\\\/04\\\/img-blog-20160411.jpg\",\"width\":1100,\"height\":500},{\"@type\":\"BreadcrumbList\",\"@id\":\"https:\\\/\\\/www.ambiente-spa.eu\\\/ambiente-s-p-a-inaugurazione-della-piattaforma-ecologica-piu-moderna-deuropa\\\/#breadcrumb\",\"itemListElement\":[{\"@type\":\"ListItem\",\"position\":1,\"name\":\"Home\",\"item\":\"https:\\\/\\\/www.ambiente-spa.eu\\\/\"},{\"@type\":\"ListItem\",\"position\":2,\"name\":\"AMBIENTE S.P.A. INAUGURAZIONE DELLA PIATTAFORMA ECOLOGICA PI\u00d9 MODERNA D&#8217;EUROPA\"}]},{\"@type\":\"WebSite\",\"@id\":\"https:\\\/\\\/www.ambiente-spa.eu\\\/#website\",\"url\":\"https:\\\/\\\/www.ambiente-spa.eu\\\/\",\"name\":\"Ambiente S.p.A.\",\"description\":\"In armonia con la natura\",\"potentialAction\":[{\"@type\":\"SearchAction\",\"target\":{\"@type\":\"EntryPoint\",\"urlTemplate\":\"https:\\\/\\\/www.ambiente-spa.eu\\\/?s={search_term_string}\"},\"query-input\":{\"@type\":\"PropertyValueSpecification\",\"valueRequired\":true,\"valueName\":\"search_term_string\"}}],\"inLanguage\":\"en-GB\"},{\"@type\":\"Person\",\"@id\":\"https:\\\/\\\/www.ambiente-spa.eu\\\/#\\\/schema\\\/person\\\/5cd062e68a88b497afdb2ed3ff100419\",\"name\":\"sema_admin\",\"image\":{\"@type\":\"ImageObject\",\"inLanguage\":\"en-GB\",\"@id\":\"https:\\\/\\\/secure.gravatar.com\\\/avatar\\\/6004014b0790ccc79a71a2d2e7a14d558288512c4265b787ee59694eb3595470?s=96&d=mm&r=g\",\"url\":\"https:\\\/\\\/secure.gravatar.com\\\/avatar\\\/6004014b0790ccc79a71a2d2e7a14d558288512c4265b787ee59694eb3595470?s=96&d=mm&r=g\",\"contentUrl\":\"https:\\\/\\\/secure.gravatar.com\\\/avatar\\\/6004014b0790ccc79a71a2d2e7a14d558288512c4265b787ee59694eb3595470?s=96&d=mm&r=g\",\"caption\":\"sema_admin\"},\"sameAs\":[\"http:\\\/\\\/www.ambiente-spa.eu\"],\"url\":\"https:\\\/\\\/www.ambiente-spa.eu\\\/eng\\\/author\\\/sema_admin\\\/\"}]}<\/script>\n<!-- \/ Yoast SEO plugin. -->","yoast_head_json":{"title":"AMBIENTE S.P.A. INAUGURAZIONE DELLA PIATTAFORMA ECOLOGICA PI\u00d9 MODERNA D'EUROPA - Ambiente S.p.A.","description":"Un importante obiettivo \u00e8 stato raggiunto: Ambiente Spa, in partnership con le aziende francesi Pellenc ST e Vauch\u00e8 SA, l'11 aprile in provincia di Napoli, a San Vitaliano ha inaugurato la piattaforma ecologica pi\u00f9 grande d'Europa","robots":{"index":"index","follow":"follow","max-snippet":"max-snippet:-1","max-image-preview":"max-image-preview:large","max-video-preview":"max-video-preview:-1"},"canonical":"https:\/\/www.ambiente-spa.eu\/eng\/ambiente-s-p-a-inaugurazione-della-piattaforma-ecologica-piu-moderna-deuropa\/","og_locale":"en_GB","og_type":"article","og_title":"AMBIENTE S.P.A. INAUGURAZIONE DELLA PIATTAFORMA ECOLOGICA PI\u00d9 MODERNA D'EUROPA - Ambiente S.p.A.","og_description":"Un importante obiettivo \u00e8 stato raggiunto: Ambiente Spa, in partnership con le aziende francesi Pellenc ST e Vauch\u00e8 SA, l'11 aprile in provincia di Napoli, a San Vitaliano ha inaugurato la piattaforma ecologica pi\u00f9 grande d'Europa","og_url":"https:\/\/www.ambiente-spa.eu\/eng\/ambiente-s-p-a-inaugurazione-della-piattaforma-ecologica-piu-moderna-deuropa\/","og_site_name":"Ambiente S.p.A.","article_published_time":"2016-04-11T12:23:59+00:00","article_modified_time":"2024-01-10T13:29:48+00:00","og_image":[{"width":1100,"height":500,"url":"http:\/\/www.ambiente-spa.eu\/wp-content\/uploads\/2016\/04\/img-blog-20160411.jpg","type":"image\/jpeg"}],"author":"sema_admin","twitter_card":"summary_large_image","twitter_misc":{"Written by":"sema_admin","Estimated reading time":"2 minutes"},"schema":{"@context":"https:\/\/schema.org","@graph":[{"@type":"Article","@id":"https:\/\/www.ambiente-spa.eu\/ambiente-s-p-a-inaugurazione-della-piattaforma-ecologica-piu-moderna-deuropa\/#article","isPartOf":{"@id":"https:\/\/www.ambiente-spa.eu\/ambiente-s-p-a-inaugurazione-della-piattaforma-ecologica-piu-moderna-deuropa\/"},"author":{"name":"sema_admin","@id":"https:\/\/www.ambiente-spa.eu\/#\/schema\/person\/5cd062e68a88b497afdb2ed3ff100419"},"headline":"AMBIENTE S.P.A. INAUGURAZIONE DELLA PIATTAFORMA ECOLOGICA PI\u00d9 MODERNA D&#8217;EUROPA","datePublished":"2016-04-11T12:23:59+00:00","dateModified":"2024-01-10T13:29:48+00:00","mainEntityOfPage":{"@id":"https:\/\/www.ambiente-spa.eu\/ambiente-s-p-a-inaugurazione-della-piattaforma-ecologica-piu-moderna-deuropa\/"},"wordCount":360,"image":{"@id":"https:\/\/www.ambiente-spa.eu\/ambiente-s-p-a-inaugurazione-della-piattaforma-ecologica-piu-moderna-deuropa\/#primaryimage"},"thumbnailUrl":"https:\/\/www.ambiente-spa.eu\/wp-content\/uploads\/2016\/04\/img-blog-20160411.jpg","articleSection":["Blog"],"inLanguage":"en-GB"},{"@type":"WebPage","@id":"https:\/\/www.ambiente-spa.eu\/ambiente-s-p-a-inaugurazione-della-piattaforma-ecologica-piu-moderna-deuropa\/","url":"https:\/\/www.ambiente-spa.eu\/ambiente-s-p-a-inaugurazione-della-piattaforma-ecologica-piu-moderna-deuropa\/","name":"AMBIENTE S.P.A. INAUGURAZIONE DELLA PIATTAFORMA ECOLOGICA PI\u00d9 MODERNA D'EUROPA - Ambiente S.p.A.","isPartOf":{"@id":"https:\/\/www.ambiente-spa.eu\/#website"},"primaryImageOfPage":{"@id":"https:\/\/www.ambiente-spa.eu\/ambiente-s-p-a-inaugurazione-della-piattaforma-ecologica-piu-moderna-deuropa\/#primaryimage"},"image":{"@id":"https:\/\/www.ambiente-spa.eu\/ambiente-s-p-a-inaugurazione-della-piattaforma-ecologica-piu-moderna-deuropa\/#primaryimage"},"thumbnailUrl":"https:\/\/www.ambiente-spa.eu\/wp-content\/uploads\/2016\/04\/img-blog-20160411.jpg","datePublished":"2016-04-11T12:23:59+00:00","dateModified":"2024-01-10T13:29:48+00:00","author":{"@id":"https:\/\/www.ambiente-spa.eu\/#\/schema\/person\/5cd062e68a88b497afdb2ed3ff100419"},"description":"Un importante obiettivo \u00e8 stato raggiunto: Ambiente Spa, in partnership con le aziende francesi Pellenc ST e Vauch\u00e8 SA, l'11 aprile in provincia di Napoli, a San Vitaliano ha inaugurato la piattaforma ecologica pi\u00f9 grande d'Europa","breadcrumb":{"@id":"https:\/\/www.ambiente-spa.eu\/ambiente-s-p-a-inaugurazione-della-piattaforma-ecologica-piu-moderna-deuropa\/#breadcrumb"},"inLanguage":"en-GB","potentialAction":[{"@type":"ReadAction","target":["https:\/\/www.ambiente-spa.eu\/ambiente-s-p-a-inaugurazione-della-piattaforma-ecologica-piu-moderna-deuropa\/"]}]},{"@type":"ImageObject","inLanguage":"en-GB","@id":"https:\/\/www.ambiente-spa.eu\/ambiente-s-p-a-inaugurazione-della-piattaforma-ecologica-piu-moderna-deuropa\/#primaryimage","url":"https:\/\/www.ambiente-spa.eu\/wp-content\/uploads\/2016\/04\/img-blog-20160411.jpg","contentUrl":"https:\/\/www.ambiente-spa.eu\/wp-content\/uploads\/2016\/04\/img-blog-20160411.jpg","width":1100,"height":500},{"@type":"BreadcrumbList","@id":"https:\/\/www.ambiente-spa.eu\/ambiente-s-p-a-inaugurazione-della-piattaforma-ecologica-piu-moderna-deuropa\/#breadcrumb","itemListElement":[{"@type":"ListItem","position":1,"name":"Home","item":"https:\/\/www.ambiente-spa.eu\/"},{"@type":"ListItem","position":2,"name":"AMBIENTE S.P.A. INAUGURAZIONE DELLA PIATTAFORMA ECOLOGICA PI\u00d9 MODERNA D&#8217;EUROPA"}]},{"@type":"WebSite","@id":"https:\/\/www.ambiente-spa.eu\/#website","url":"https:\/\/www.ambiente-spa.eu\/","name":"Ambiente S.p.A.","description":"In armonia con la natura","potentialAction":[{"@type":"SearchAction","target":{"@type":"EntryPoint","urlTemplate":"https:\/\/www.ambiente-spa.eu\/?s={search_term_string}"},"query-input":{"@type":"PropertyValueSpecification","valueRequired":true,"valueName":"search_term_string"}}],"inLanguage":"en-GB"},{"@type":"Person","@id":"https:\/\/www.ambiente-spa.eu\/#\/schema\/person\/5cd062e68a88b497afdb2ed3ff100419","name":"sema_admin","image":{"@type":"ImageObject","inLanguage":"en-GB","@id":"https:\/\/secure.gravatar.com\/avatar\/6004014b0790ccc79a71a2d2e7a14d558288512c4265b787ee59694eb3595470?s=96&d=mm&r=g","url":"https:\/\/secure.gravatar.com\/avatar\/6004014b0790ccc79a71a2d2e7a14d558288512c4265b787ee59694eb3595470?s=96&d=mm&r=g","contentUrl":"https:\/\/secure.gravatar.com\/avatar\/6004014b0790ccc79a71a2d2e7a14d558288512c4265b787ee59694eb3595470?s=96&d=mm&r=g","caption":"sema_admin"},"sameAs":["http:\/\/www.ambiente-spa.eu"],"url":"https:\/\/www.ambiente-spa.eu\/eng\/author\/sema_admin\/"}]}},"_links":{"self":[{"href":"https:\/\/www.ambiente-spa.eu\/eng\/wp-json\/wp\/v2\/posts\/3533","targetHints":{"allow":["GET"]}}],"collection":[{"href":"https:\/\/www.ambiente-spa.eu\/eng\/wp-json\/wp\/v2\/posts"}],"about":[{"href":"https:\/\/www.ambiente-spa.eu\/eng\/wp-json\/wp\/v2\/types\/post"}],"author":[{"embeddable":true,"href":"https:\/\/www.ambiente-spa.eu\/eng\/wp-json\/wp\/v2\/users\/1"}],"replies":[{"embeddable":true,"href":"https:\/\/www.ambiente-spa.eu\/eng\/wp-json\/wp\/v2\/comments?post=3533"}],"version-history":[{"count":3,"href":"https:\/\/www.ambiente-spa.eu\/eng\/wp-json\/wp\/v2\/posts\/3533\/revisions"}],"predecessor-version":[{"id":3557,"href":"https:\/\/www.ambiente-spa.eu\/eng\/wp-json\/wp\/v2\/posts\/3533\/revisions\/3557"}],"wp:featuredmedia":[{"embeddable":true,"href":"https:\/\/www.ambiente-spa.eu\/eng\/wp-json\/wp\/v2\/media\/3555"}],"wp:attachment":[{"href":"https:\/\/www.ambiente-spa.eu\/eng\/wp-json\/wp\/v2\/media?parent=3533"}],"wp:term":[{"taxonomy":"category","embeddable":true,"href":"https:\/\/www.ambiente-spa.eu\/eng\/wp-json\/wp\/v2\/categories?post=3533"},{"taxonomy":"post_tag","embeddable":true,"href":"https:\/\/www.ambiente-spa.eu\/eng\/wp-json\/wp\/v2\/tags?post=3533"}],"curies":[{"name":"wp","href":"https:\/\/api.w.org\/{rel}","templated":true}]}}